{"id":1705,"date":"2024-07-16T07:55:09","date_gmt":"2024-07-16T05:55:09","guid":{"rendered":"https:\/\/landeszentrum-mv.de\/?p=1705"},"modified":"2024-11-28T16:49:30","modified_gmt":"2024-11-28T15:49:30","slug":"leitfragen-zur-entwicklung-von-gleichstellungszielen-und-massnahmen-im-esf-plus-in-mv","status":"publish","type":"post","link":"https:\/\/landeszentrum-mv.de\/glbk\/2024\/07\/16\/leitfragen-zur-entwicklung-von-gleichstellungszielen-und-massnahmen-im-esf-plus-in-mv\/","title":{"rendered":"Leitfragen zur Entwicklung von Gleichstellungszielen und      -ma\u00dfnahmen im ESF Plus in MV"},"content":{"rendered":"<style>.kadence-column3067_219a5a-ee > .kt-inside-inner-col,.kadence-column3067_219a5a-ee > .kt-inside-inner-col:before{border-top-left-radius:0px;border-top-right-radius:0px;border-bottom-right-radius:0px;border-bottom-left-radius:0px;}.kadence-column3067_219a5a-ee > .kt-inside-inner-col{column-gap:var(--global-kb-gap-sm, 1rem);}.kadence-column3067_219a5a-ee > .kt-inside-inner-col{flex-direction:column;}.kadence-column3067_219a5a-ee > .kt-inside-inner-col > .aligncenter{width:100%;}.kadence-column3067_219a5a-ee > .kt-inside-inner-col:before{opacity:0.3;}.kadence-column3067_219a5a-ee{position:relative;}@media all and (max-width: 1024px){.kadence-column3067_219a5a-ee > .kt-inside-inner-col{flex-direction:column;justify-content:center;}}@media all and (max-width: 767px){.kadence-column3067_219a5a-ee > .kt-inside-inner-col{flex-direction:column;justify-content:center;}}<\/style>\n<div class=\"wp-block-kadence-column kadence-column3067_219a5a-ee inner-column-1\"><div class=\"kt-inside-inner-col\"><style>.kb-row-layout-id3067_de530e-d0 > .kt-row-column-wrap{align-content:start;}:where(.kb-row-layout-id3067_de530e-d0 > .kt-row-column-wrap) > .wp-block-kadence-column{justify-content:start;}.kb-row-layout-id3067_de530e-d0 > .kt-row-column-wrap{column-gap:var(--global-kb-gap-md, 2rem);row-gap:var(--global-kb-gap-md, 2rem);padding-top:var(--global-kb-spacing-sm, 1.5rem);padding-bottom:var(--global-kb-spacing-sm, 1.5rem);grid-template-columns:minmax(0, 1fr);}.kb-row-layout-id3067_de530e-d0 > .kt-row-layout-overlay{opacity:0.30;}@media all and (max-width: 1024px){.kb-row-layout-id3067_de530e-d0 > .kt-row-column-wrap{grid-template-columns:minmax(0, 1fr);}}@media all and (max-width: 767px){.kb-row-layout-id3067_de530e-d0 > .kt-row-column-wrap{grid-template-columns:minmax(0, 1fr);}}<\/style><div class=\"kb-row-layout-wrap kb-row-layout-id3067_de530e-d0 alignnone wp-block-kadence-rowlayout\"><div class=\"kt-row-column-wrap kt-has-1-columns kt-row-layout-equal kt-tab-layout-inherit kt-mobile-layout-row kt-row-valign-top\">\n<style>.kadence-column3067_1cd52f-11 > .kt-inside-inner-col,.kadence-column3067_1cd52f-11 > .kt-inside-inner-col:before{border-top-left-radius:0px;border-top-right-radius:0px;border-bottom-right-radius:0px;border-bottom-left-radius:0px;}.kadence-column3067_1cd52f-11 > .kt-inside-inner-col{column-gap:var(--global-kb-gap-sm, 1rem);}.kadence-column3067_1cd52f-11 > .kt-inside-inner-col{flex-direction:column;}.kadence-column3067_1cd52f-11 > .kt-inside-inner-col > .aligncenter{width:100%;}.kadence-column3067_1cd52f-11 > .kt-inside-inner-col:before{opacity:0.3;}.kadence-column3067_1cd52f-11{position:relative;}@media all and (max-width: 1024px){.kadence-column3067_1cd52f-11 > .kt-inside-inner-col{flex-direction:column;justify-content:center;}}@media all and (max-width: 767px){.kadence-column3067_1cd52f-11 > .kt-inside-inner-col{flex-direction:column;justify-content:center;}}<\/style>\n<div class=\"wp-block-kadence-column kadence-column3067_1cd52f-11 inner-column-1\"><div class=\"kt-inside-inner-col\"><style>.wp-block-kadence-column.kb-section-dir-horizontal > .kt-inside-inner-col > .kt-info-box3067_2a5e86-80{max-width:100%;}.wp-block-kadence-column.kb-section-dir-horizontal > .kt-inside-inner-col > .kt-info-box3067_2a5e86-80 .kt-blocks-info-box-link-wrap{max-width:unset;}.kt-info-box3067_2a5e86-80 .kt-blocks-info-box-link-wrap{border-top-left-radius:0px;border-top-right-radius:0px;border-bottom-right-radius:0px;border-bottom-left-radius:0px;background:rgba(5, 79, 127, 0.1);max-width:100%;padding-top:36px;padding-right:36px;padding-bottom:36px;padding-left:36px;}.kt-info-box3067_2a5e86-80 .kt-blocks-info-box-media-align-top .kt-blocks-info-box-media-container{max-width:100%;}.kt-info-box3067_2a5e86-80 .kt-blocks-info-box-link-wrap:hover{background:#ffffff;}.kt-info-box3067_2a5e86-80 .kadence-info-box-icon-container .kt-info-svg-icon, .kt-info-box3067_2a5e86-80 .kt-info-svg-icon-flip, .kt-info-box3067_2a5e86-80 .kt-blocks-info-box-number{font-size:50px;}.kt-info-box3067_2a5e86-80 .kt-blocks-info-box-media{color:#054f7f;background:#ffffff;border-color:#eeeeee;border-radius:200px;overflow:hidden;border-top-width:0px;border-right-width:0px;border-bottom-width:0px;border-left-width:0px;padding-top:24px;padding-right:24px;padding-bottom:24px;padding-left:24px;margin-top:0px;margin-right:20px;margin-bottom:0px;margin-left:0px;}.kt-info-box3067_2a5e86-80 .kt-blocks-info-box-media .kadence-info-box-image-intrisic img{border-radius:200px;}.kt-info-box3067_2a5e86-80 .kt-blocks-info-box-link-wrap:hover .kt-blocks-info-box-media{color:#444444;background:#ffffff;border-color:#eeeeee;}.kt-info-box3067_2a5e86-80 .kt-infobox-textcontent h2.kt-blocks-info-box-title{font-size:1.4em;line-height:1.3em;padding-top:0px;padding-right:0px;padding-bottom:0px;padding-left:0px;margin-top:5px;margin-right:0px;margin-bottom:10px;margin-left:0px;}.kt-info-box3067_2a5e86-80 .kt-blocks-info-box-link-wrap:hover h2.kt-blocks-info-box-title{color:#be1622;}.kt-info-box3067_2a5e86-80 .kt-infobox-textcontent .kt-blocks-info-box-text{color:#054f7f;}.wp-block-kadence-infobox.kt-info-box3067_2a5e86-80 .kt-blocks-info-box-text{font-size:1.1em;text-transform:uppercase;font-weight:bold;padding-top:8px;padding-right:0px;padding-bottom:0px;padding-left:0px;}.kt-info-box3067_2a5e86-80 .kt-blocks-info-box-link-wrap:hover .kt-blocks-info-box-text{color:#be1622;}.kt-info-box3067_2a5e86-80 .kt-blocks-info-box-learnmore{background:transparent;border-color:#555555;border-width:0px 0px 0px 0px;padding-top:4px;padding-right:8px;padding-bottom:4px;padding-left:8px;margin-top:10px;margin-right:0px;margin-bottom:10px;margin-left:0px;}.kt-info-box3067_2a5e86-80 .kt-blocks-info-box-link-wrap:hover .kt-blocks-info-box-learnmore,.kt-info-box3067_2a5e86-80 .kt-blocks-info-box-link-wrap .kt-blocks-info-box-learnmore:focus{color:#ffffff;background:#444444;border-color:#444444;}@media all and (max-width: 1024px){.kt-info-box3067_2a5e86-80 .kt-infobox-textcontent h2.kt-blocks-info-box-title{font-size:1.3em;line-height:1.2em;}}@media all and (max-width: 767px){.kt-info-box3067_2a5e86-80 .kt-blocks-info-box-link-wrap{text-align:center;display:block;}.kt-info-box3067_2a5e86-80 .kadence-info-box-icon-container .kt-info-svg-icon, .kt-info-box3067_2a5e86-80 .kt-info-svg-icon-flip, .kt-info-box3067_2a5e86-80 .kt-blocks-info-box-number{font-size:52px;}.kt-info-box3067_2a5e86-80 .kt-infobox-textcontent h2.kt-blocks-info-box-title{font-size:1.3em;line-height:1.2em;}.kt-info-box3067_2a5e86-80 .kt-blocks-info-box-link-wrap .kt-blocks-info-box-media{display:inline-block;max-width:100%;}}<\/style>\n<div class=\"wp-block-kadence-infobox kt-info-box3067_2a5e86-80\"><a class=\"kt-blocks-info-box-link-wrap info-box-link kt-blocks-info-box-media-align-left kt-info-halign-left kb-info-box-vertical-media-align-top kb-info-mobile-halign-center\" href=\"https:\/\/landeszentrum-mv.de\/wp-content\/uploads\/2024\/02\/LZGV_Gleichstellungsziele_Leitfragen_2023.pdf\"><div class=\"kt-blocks-info-box-media-container\"><div class=\"kt-blocks-info-box-media kt-info-media-animate-none\"><div class=\"kadence-info-box-icon-container kt-info-icon-animate-none\"><div class=\"kadence-info-box-icon-inner-container\"><span class=\"kb-svg-icon-wrap kb-svg-icon-fas_file-pdf kt-info-svg-icon\"><svg viewBox=\"0 0 384 512\"  fill=\"currentColor\" xmlns=\"http:\/\/www.w3.org\/2000\/svg\"  aria-hidden=\"true\"><path d=\"M181.9 256.1c-5-16-4.9-46.9-2-46.9 8.4 0 7.6 36.9 2 46.9zm-1.7 47.2c-7.7 20.2-17.3 43.3-28.4 62.7 18.3-7 39-17.2 62.9-21.9-12.7-9.6-24.9-23.4-34.5-40.8zM86.1 428.1c0 .8 13.2-5.4 34.9-40.2-6.7 6.3-29.1 24.5-34.9 40.2zM248 160h136v328c0 13.3-10.7 24-24 24H24c-13.3 0-24-10.7-24-24V24C0 10.7 10.7 0 24 0h200v136c0 13.2 10.8 24 24 24zm-8 171.8c-20-12.2-33.3-29-42.7-53.8 4.5-18.5 11.6-46.6 6.2-64.2-4.7-29.4-42.4-26.5-47.8-6.8-5 18.3-.4 44.1 8.1 77-11.6 27.6-28.7 64.6-40.8 85.8-.1 0-.1.1-.2.1-27.1 13.9-73.6 44.5-54.5 68 5.6 6.9 16 10 21.5 10 17.9 0 35.7-18 61.1-61.8 25.8-8.5 54.1-19.1 79-23.2 21.7 11.8 47.1 19.5 64 19.5 29.2 0 31.2-32 19.7-43.4-13.9-13.6-54.3-9.7-73.6-7.2zM377 105L279 7c-4.5-4.5-10.6-7-17-7h-6v128h128v-6.1c0-6.3-2.5-12.4-7-16.9zm-74.1 255.3c4.1-2.7-2.5-11.9-42.8-9 37.1 15.8 42.8 9 42.8 9z\"\/><\/svg><\/span><\/div><\/div><\/div><\/div><div class=\"kt-infobox-textcontent\"><h2 class=\"kt-blocks-info-box-title\">Dieses Dokument unterst\u00fctzt Sie dabei anhand von Leitfragen Handlungsfelder zu eruieren und f\u00fcr diese Gleichstellungsziele- und ma\u00dfnahmen zu entwickeln.<br><br>LZGV in M-V (Stand 12\/2023)<\/h2><p class=\"kt-blocks-info-box-text\">Download<\/p><\/div><\/a><\/div>\n<\/div><\/div>\n\n<\/div><\/div><\/div><\/div>\n\n\n<style>.kadence-column2780_919b1e-a9 > .kt-inside-inner-col{display:flex;}.kadence-column2780_919b1e-a9 > .kt-inside-inner-col,.kadence-column2780_919b1e-a9 > .kt-inside-inner-col:before{border-top-left-radius:0px;border-top-right-radius:0px;border-bottom-right-radius:0px;border-bottom-left-radius:0px;}.kadence-column2780_919b1e-a9 > .kt-inside-inner-col{row-gap:var(--global-kb-gap-none, 0rem );column-gap:var(--global-kb-gap-none, 0rem );}.kadence-column2780_919b1e-a9 > .kt-inside-inner-col{flex-direction:row;flex-wrap:wrap;align-items:center;justify-content:flex-end;}.kadence-column2780_919b1e-a9 > .kt-inside-inner-col > *, .kadence-column2780_919b1e-a9 > .kt-inside-inner-col > figure.wp-block-image, .kadence-column2780_919b1e-a9 > .kt-inside-inner-col > figure.wp-block-kadence-image{margin-top:0px;margin-bottom:0px;}.kadence-column2780_919b1e-a9 > .kt-inside-inner-col > .kb-image-is-ratio-size{flex-grow:1;}.kadence-column2780_919b1e-a9 > .kt-inside-inner-col:before{opacity:0.3;}.kadence-column2780_919b1e-a9{text-align:right;}.kadence-column2780_919b1e-a9{position:relative;}@media all and (max-width: 1024px){.kadence-column2780_919b1e-a9 > .kt-inside-inner-col{flex-direction:row;flex-wrap:wrap;align-items:center;justify-content:flex-end;}}@media all and (min-width: 768px) and (max-width: 1024px){.kadence-column2780_919b1e-a9 > .kt-inside-inner-col > *, .kadence-column2780_919b1e-a9 > .kt-inside-inner-col > figure.wp-block-image, .kadence-column2780_919b1e-a9 > .kt-inside-inner-col > figure.wp-block-kadence-image{margin-top:0px;margin-bottom:0px;}.kadence-column2780_919b1e-a9 > .kt-inside-inner-col > .kb-image-is-ratio-size{flex-grow:1;}}@media all and (max-width: 767px){.kadence-column2780_919b1e-a9 > .kt-inside-inner-col{flex-direction:row;flex-wrap:wrap;justify-content:flex-start;justify-content:flex-end;}.kadence-column2780_919b1e-a9 > .kt-inside-inner-col > *, .kadence-column2780_919b1e-a9 > .kt-inside-inner-col > figure.wp-block-image, .kadence-column2780_919b1e-a9 > .kt-inside-inner-col > figure.wp-block-kadence-image{margin-top:0px;margin-bottom:0px;}.kadence-column2780_919b1e-a9 > .kt-inside-inner-col > .kb-image-is-ratio-size{flex-grow:1;}}<\/style>\n<div class=\"wp-block-kadence-column kadence-column2780_919b1e-a9 kb-section-dir-horizontal\"><div class=\"kt-inside-inner-col\">\n<input type=\"button\" value=\"Zur\u00fcck\" onclick=\"javascript:history.back()\">\n<\/div><\/div>\n","protected":false},"excerpt":{"rendered":"<p>F\u00f6rderinstrumente werden so konzipiert, dass sie einen bestimmten F\u00f6rderzweck erf\u00fcllen. Dabei gibt die Europ\u00e4ische Union und das Land Mecklenburg-Vorpommern f\u00fcr den ESF Plus vor, dass die F\u00f6rderung stets auch auf die Gleichstellung der Geschlechter ausgerichtet sein soll. Um Geschlechterungleichheiten im Rahmen der F\u00f6rderung zu verringern, sollten f\u00fcr die F\u00f6rderinstrumente ein oder mehrere Gleichstellungsziele formuliert sowie Ma\u00dfnahmen festgelegt werden, wie diese Ziele zu erreichen sind.<\/p>\n","protected":false},"author":2,"featured_media":1130,"comment_status":"open","ping_status":"open","sticky":false,"template":"","format":"standard","meta":{"_acf_changed":false,"footnotes":""},"categories":[1],"tags":[12103],"class_list":["post-1705","post","type-post","status-publish","format-standard","has-post-thumbnail","hentry","category-allgemein","tag-genderanalyse"],"acf":[],"yoast_head":"<!-- This site is optimized with the Yoast SEO plugin v27.5 - https:\/\/yoast.com\/product\/yoast-seo-wordpress\/ -->\n<title>Leitfragen zur Entwicklung von Gleichstellungszielen und   -ma\u00dfnahmen im ESF Plus in MV - glbk<\/title>\n<meta name=\"description\" content=\"F\u00f6rderinstrumente werden so konzipiert, dass sie einen bestimmten F\u00f6rderzweck erf\u00fcllen. Dabei gibt die Europ\u00e4ische Union und das Land Mecklenburg-Vorpommern f\u00fcr den ESF Plus vor, dass die F\u00f6rderung stets auch auf die Gleichstellung der Geschlechter ausgerichtet sein soll. Um Geschlechterungleichheiten im Rahmen der F\u00f6rderung zu verringern, sollten f\u00fcr die F\u00f6rderinstrumente ein oder mehrere Gleichstellungsziele formuliert sowie Ma\u00dfnahmen festgelegt werden, wie diese Ziele zu erreichen sind.\" \/>\n<meta name=\"robots\" content=\"index, follow, max-snippet:-1, max-image-preview:large, max-video-preview:-1\" \/>\n<link rel=\"canonical\" href=\"https:\/\/landeszentrum-mv.de\/glbk\/2024\/07\/16\/leitfragen-zur-entwicklung-von-gleichstellungszielen-und-massnahmen-im-esf-plus-in-mv\/\" \/>\n<meta property=\"og:locale\" content=\"de_DE\" \/>\n<meta property=\"og:type\" content=\"article\" \/>\n<meta property=\"og:title\" content=\"Leitfragen zur Entwicklung von Gleichstellungszielen und   -ma\u00dfnahmen im ESF Plus in MV - glbk\" \/>\n<meta property=\"og:description\" content=\"F\u00f6rderinstrumente werden so konzipiert, dass sie einen bestimmten F\u00f6rderzweck erf\u00fcllen. Dabei gibt die Europ\u00e4ische Union und das Land Mecklenburg-Vorpommern f\u00fcr den ESF Plus vor, dass die F\u00f6rderung stets auch auf die Gleichstellung der Geschlechter ausgerichtet sein soll. Um Geschlechterungleichheiten im Rahmen der F\u00f6rderung zu verringern, sollten f\u00fcr die F\u00f6rderinstrumente ein oder mehrere Gleichstellungsziele formuliert sowie Ma\u00dfnahmen festgelegt werden, wie diese Ziele zu erreichen sind.\" \/>\n<meta property=\"og:url\" content=\"https:\/\/landeszentrum-mv.de\/glbk\/2024\/07\/16\/leitfragen-zur-entwicklung-von-gleichstellungszielen-und-massnahmen-im-esf-plus-in-mv\/\" \/>\n<meta property=\"og:site_name\" content=\"glbk\" \/>\n<meta property=\"article:published_time\" content=\"2024-07-16T05:55:09+00:00\" \/>\n<meta property=\"article:modified_time\" content=\"2024-11-28T15:49:30+00:00\" \/>\n<meta property=\"og:image\" content=\"https:\/\/landeszentrum-mv.de\/glbk\/wp-content\/uploads\/sites\/2\/2023\/02\/Bericht_1.png\" \/>\n\t<meta property=\"og:image:width\" content=\"1920\" \/>\n\t<meta property=\"og:image:height\" content=\"400\" \/>\n\t<meta property=\"og:image:type\" content=\"image\/png\" \/>\n<meta name=\"author\" content=\"H S\" \/>\n<meta name=\"twitter:card\" content=\"summary_large_image\" \/>\n<meta name=\"twitter:label1\" content=\"Verfasst von\" \/>\n\t<meta name=\"twitter:data1\" content=\"H S\" \/>\n\t<meta name=\"twitter:label2\" content=\"Gesch\u00e4tzte Lesezeit\" \/>\n\t<meta name=\"twitter:data2\" content=\"1\u00a0Minute\" \/>\n<script type=\"application\/ld+json\" class=\"yoast-schema-graph\">{\"@context\":\"https:\\\/\\\/schema.org\",\"@graph\":[{\"@type\":\"Article\",\"@id\":\"https:\\\/\\\/landeszentrum-mv.de\\\/glbk\\\/2024\\\/07\\\/16\\\/leitfragen-zur-entwicklung-von-gleichstellungszielen-und-massnahmen-im-esf-plus-in-mv\\\/#article\",\"isPartOf\":{\"@id\":\"https:\\\/\\\/landeszentrum-mv.de\\\/glbk\\\/2024\\\/07\\\/16\\\/leitfragen-zur-entwicklung-von-gleichstellungszielen-und-massnahmen-im-esf-plus-in-mv\\\/\"},\"author\":{\"name\":\"H S\",\"@id\":\"https:\\\/\\\/landeszentrum-mv.de\\\/glbk\\\/#\\\/schema\\\/person\\\/e28472a9229ab093188f1e230a21b98e\"},\"headline\":\"Leitfragen zur Entwicklung von Gleichstellungszielen und -ma\u00dfnahmen im ESF Plus in MV\",\"datePublished\":\"2024-07-16T05:55:09+00:00\",\"dateModified\":\"2024-11-28T15:49:30+00:00\",\"mainEntityOfPage\":{\"@id\":\"https:\\\/\\\/landeszentrum-mv.de\\\/glbk\\\/2024\\\/07\\\/16\\\/leitfragen-zur-entwicklung-von-gleichstellungszielen-und-massnahmen-im-esf-plus-in-mv\\\/\"},\"wordCount\":40,\"commentCount\":0,\"publisher\":{\"@id\":\"https:\\\/\\\/landeszentrum-mv.de\\\/glbk\\\/#organization\"},\"image\":{\"@id\":\"https:\\\/\\\/landeszentrum-mv.de\\\/glbk\\\/2024\\\/07\\\/16\\\/leitfragen-zur-entwicklung-von-gleichstellungszielen-und-massnahmen-im-esf-plus-in-mv\\\/#primaryimage\"},\"thumbnailUrl\":\"https:\\\/\\\/landeszentrum-mv.de\\\/glbk\\\/wp-content\\\/uploads\\\/sites\\\/2\\\/2023\\\/02\\\/Bericht_1.png\",\"keywords\":[\"Genderanalyse\"],\"inLanguage\":\"de\",\"potentialAction\":[{\"@type\":\"CommentAction\",\"name\":\"Comment\",\"target\":[\"https:\\\/\\\/landeszentrum-mv.de\\\/glbk\\\/2024\\\/07\\\/16\\\/leitfragen-zur-entwicklung-von-gleichstellungszielen-und-massnahmen-im-esf-plus-in-mv\\\/#respond\"]}]},{\"@type\":\"WebPage\",\"@id\":\"https:\\\/\\\/landeszentrum-mv.de\\\/glbk\\\/2024\\\/07\\\/16\\\/leitfragen-zur-entwicklung-von-gleichstellungszielen-und-massnahmen-im-esf-plus-in-mv\\\/\",\"url\":\"https:\\\/\\\/landeszentrum-mv.de\\\/glbk\\\/2024\\\/07\\\/16\\\/leitfragen-zur-entwicklung-von-gleichstellungszielen-und-massnahmen-im-esf-plus-in-mv\\\/\",\"name\":\"Leitfragen zur Entwicklung von Gleichstellungszielen und -ma\u00dfnahmen im ESF Plus in MV - glbk\",\"isPartOf\":{\"@id\":\"https:\\\/\\\/landeszentrum-mv.de\\\/glbk\\\/#website\"},\"primaryImageOfPage\":{\"@id\":\"https:\\\/\\\/landeszentrum-mv.de\\\/glbk\\\/2024\\\/07\\\/16\\\/leitfragen-zur-entwicklung-von-gleichstellungszielen-und-massnahmen-im-esf-plus-in-mv\\\/#primaryimage\"},\"image\":{\"@id\":\"https:\\\/\\\/landeszentrum-mv.de\\\/glbk\\\/2024\\\/07\\\/16\\\/leitfragen-zur-entwicklung-von-gleichstellungszielen-und-massnahmen-im-esf-plus-in-mv\\\/#primaryimage\"},\"thumbnailUrl\":\"https:\\\/\\\/landeszentrum-mv.de\\\/glbk\\\/wp-content\\\/uploads\\\/sites\\\/2\\\/2023\\\/02\\\/Bericht_1.png\",\"datePublished\":\"2024-07-16T05:55:09+00:00\",\"dateModified\":\"2024-11-28T15:49:30+00:00\",\"description\":\"F\u00f6rderinstrumente werden so konzipiert, dass sie einen bestimmten F\u00f6rderzweck erf\u00fcllen. Dabei gibt die Europ\u00e4ische Union und das Land Mecklenburg-Vorpommern f\u00fcr den ESF Plus vor, dass die F\u00f6rderung stets auch auf die Gleichstellung der Geschlechter ausgerichtet sein soll. Um Geschlechterungleichheiten im Rahmen der F\u00f6rderung zu verringern, sollten f\u00fcr die F\u00f6rderinstrumente ein oder mehrere Gleichstellungsziele formuliert sowie Ma\u00dfnahmen festgelegt werden, wie diese Ziele zu erreichen sind.\",\"breadcrumb\":{\"@id\":\"https:\\\/\\\/landeszentrum-mv.de\\\/glbk\\\/2024\\\/07\\\/16\\\/leitfragen-zur-entwicklung-von-gleichstellungszielen-und-massnahmen-im-esf-plus-in-mv\\\/#breadcrumb\"},\"inLanguage\":\"de\",\"potentialAction\":[{\"@type\":\"ReadAction\",\"target\":[\"https:\\\/\\\/landeszentrum-mv.de\\\/glbk\\\/2024\\\/07\\\/16\\\/leitfragen-zur-entwicklung-von-gleichstellungszielen-und-massnahmen-im-esf-plus-in-mv\\\/\"]}]},{\"@type\":\"ImageObject\",\"inLanguage\":\"de\",\"@id\":\"https:\\\/\\\/landeszentrum-mv.de\\\/glbk\\\/2024\\\/07\\\/16\\\/leitfragen-zur-entwicklung-von-gleichstellungszielen-und-massnahmen-im-esf-plus-in-mv\\\/#primaryimage\",\"url\":\"https:\\\/\\\/landeszentrum-mv.de\\\/glbk\\\/wp-content\\\/uploads\\\/sites\\\/2\\\/2023\\\/02\\\/Bericht_1.png\",\"contentUrl\":\"https:\\\/\\\/landeszentrum-mv.de\\\/glbk\\\/wp-content\\\/uploads\\\/sites\\\/2\\\/2023\\\/02\\\/Bericht_1.png\",\"width\":1920,\"height\":400},{\"@type\":\"BreadcrumbList\",\"@id\":\"https:\\\/\\\/landeszentrum-mv.de\\\/glbk\\\/2024\\\/07\\\/16\\\/leitfragen-zur-entwicklung-von-gleichstellungszielen-und-massnahmen-im-esf-plus-in-mv\\\/#breadcrumb\",\"itemListElement\":[{\"@type\":\"ListItem\",\"position\":1,\"name\":\"Startseite\",\"item\":\"https:\\\/\\\/landeszentrum-mv.de\\\/glbk\\\/\"},{\"@type\":\"ListItem\",\"position\":2,\"name\":\"Leitfragen zur Entwicklung von Gleichstellungszielen und -ma\u00dfnahmen im ESF Plus in MV\"}]},{\"@type\":\"WebSite\",\"@id\":\"https:\\\/\\\/landeszentrum-mv.de\\\/glbk\\\/#website\",\"url\":\"https:\\\/\\\/landeszentrum-mv.de\\\/glbk\\\/\",\"name\":\"glbk\",\"description\":\"Gleichstellungsbaukasten\",\"publisher\":{\"@id\":\"https:\\\/\\\/landeszentrum-mv.de\\\/glbk\\\/#organization\"},\"potentialAction\":[{\"@type\":\"SearchAction\",\"target\":{\"@type\":\"EntryPoint\",\"urlTemplate\":\"https:\\\/\\\/landeszentrum-mv.de\\\/glbk\\\/?s={search_term_string}\"},\"query-input\":{\"@type\":\"PropertyValueSpecification\",\"valueRequired\":true,\"valueName\":\"search_term_string\"}}],\"inLanguage\":\"de\"},{\"@type\":\"Organization\",\"@id\":\"https:\\\/\\\/landeszentrum-mv.de\\\/glbk\\\/#organization\",\"name\":\"glbk\",\"url\":\"https:\\\/\\\/landeszentrum-mv.de\\\/glbk\\\/\",\"logo\":{\"@type\":\"ImageObject\",\"inLanguage\":\"de\",\"@id\":\"https:\\\/\\\/landeszentrum-mv.de\\\/glbk\\\/#\\\/schema\\\/logo\\\/image\\\/\",\"url\":\"https:\\\/\\\/landeszentrum-mv.de\\\/glbk\\\/wp-content\\\/uploads\\\/sites\\\/2\\\/2024\\\/10\\\/GLBK_Logo.webp\",\"contentUrl\":\"https:\\\/\\\/landeszentrum-mv.de\\\/glbk\\\/wp-content\\\/uploads\\\/sites\\\/2\\\/2024\\\/10\\\/GLBK_Logo.webp\",\"width\":500,\"height\":246,\"caption\":\"glbk\"},\"image\":{\"@id\":\"https:\\\/\\\/landeszentrum-mv.de\\\/glbk\\\/#\\\/schema\\\/logo\\\/image\\\/\"}},{\"@type\":\"Person\",\"@id\":\"https:\\\/\\\/landeszentrum-mv.de\\\/glbk\\\/#\\\/schema\\\/person\\\/e28472a9229ab093188f1e230a21b98e\",\"name\":\"H S\",\"url\":\"https:\\\/\\\/landeszentrum-mv.de\\\/glbk\\\/author\\\/frau_s\\\/\"}]}<\/script>\n<!-- \/ Yoast SEO plugin. -->","yoast_head_json":{"title":"Leitfragen zur Entwicklung von Gleichstellungszielen und   -ma\u00dfnahmen im ESF Plus in MV - glbk","description":"F\u00f6rderinstrumente werden so konzipiert, dass sie einen bestimmten F\u00f6rderzweck erf\u00fcllen. Dabei gibt die Europ\u00e4ische Union und das Land Mecklenburg-Vorpommern f\u00fcr den ESF Plus vor, dass die F\u00f6rderung stets auch auf die Gleichstellung der Geschlechter ausgerichtet sein soll. Um Geschlechterungleichheiten im Rahmen der F\u00f6rderung zu verringern, sollten f\u00fcr die F\u00f6rderinstrumente ein oder mehrere Gleichstellungsziele formuliert sowie Ma\u00dfnahmen festgelegt werden, wie diese Ziele zu erreichen sind.","robots":{"index":"index","follow":"follow","max-snippet":"max-snippet:-1","max-image-preview":"max-image-preview:large","max-video-preview":"max-video-preview:-1"},"canonical":"https:\/\/landeszentrum-mv.de\/glbk\/2024\/07\/16\/leitfragen-zur-entwicklung-von-gleichstellungszielen-und-massnahmen-im-esf-plus-in-mv\/","og_locale":"de_DE","og_type":"article","og_title":"Leitfragen zur Entwicklung von Gleichstellungszielen und   -ma\u00dfnahmen im ESF Plus in MV - glbk","og_description":"F\u00f6rderinstrumente werden so konzipiert, dass sie einen bestimmten F\u00f6rderzweck erf\u00fcllen. Dabei gibt die Europ\u00e4ische Union und das Land Mecklenburg-Vorpommern f\u00fcr den ESF Plus vor, dass die F\u00f6rderung stets auch auf die Gleichstellung der Geschlechter ausgerichtet sein soll. Um Geschlechterungleichheiten im Rahmen der F\u00f6rderung zu verringern, sollten f\u00fcr die F\u00f6rderinstrumente ein oder mehrere Gleichstellungsziele formuliert sowie Ma\u00dfnahmen festgelegt werden, wie diese Ziele zu erreichen sind.","og_url":"https:\/\/landeszentrum-mv.de\/glbk\/2024\/07\/16\/leitfragen-zur-entwicklung-von-gleichstellungszielen-und-massnahmen-im-esf-plus-in-mv\/","og_site_name":"glbk","article_published_time":"2024-07-16T05:55:09+00:00","article_modified_time":"2024-11-28T15:49:30+00:00","og_image":[{"width":1920,"height":400,"url":"https:\/\/landeszentrum-mv.de\/glbk\/wp-content\/uploads\/sites\/2\/2023\/02\/Bericht_1.png","type":"image\/png"}],"author":"H S","twitter_card":"summary_large_image","twitter_misc":{"Verfasst von":"H S","Gesch\u00e4tzte Lesezeit":"1\u00a0Minute"},"schema":{"@context":"https:\/\/schema.org","@graph":[{"@type":"Article","@id":"https:\/\/landeszentrum-mv.de\/glbk\/2024\/07\/16\/leitfragen-zur-entwicklung-von-gleichstellungszielen-und-massnahmen-im-esf-plus-in-mv\/#article","isPartOf":{"@id":"https:\/\/landeszentrum-mv.de\/glbk\/2024\/07\/16\/leitfragen-zur-entwicklung-von-gleichstellungszielen-und-massnahmen-im-esf-plus-in-mv\/"},"author":{"name":"H S","@id":"https:\/\/landeszentrum-mv.de\/glbk\/#\/schema\/person\/e28472a9229ab093188f1e230a21b98e"},"headline":"Leitfragen zur Entwicklung von Gleichstellungszielen und -ma\u00dfnahmen im ESF Plus in MV","datePublished":"2024-07-16T05:55:09+00:00","dateModified":"2024-11-28T15:49:30+00:00","mainEntityOfPage":{"@id":"https:\/\/landeszentrum-mv.de\/glbk\/2024\/07\/16\/leitfragen-zur-entwicklung-von-gleichstellungszielen-und-massnahmen-im-esf-plus-in-mv\/"},"wordCount":40,"commentCount":0,"publisher":{"@id":"https:\/\/landeszentrum-mv.de\/glbk\/#organization"},"image":{"@id":"https:\/\/landeszentrum-mv.de\/glbk\/2024\/07\/16\/leitfragen-zur-entwicklung-von-gleichstellungszielen-und-massnahmen-im-esf-plus-in-mv\/#primaryimage"},"thumbnailUrl":"https:\/\/landeszentrum-mv.de\/glbk\/wp-content\/uploads\/sites\/2\/2023\/02\/Bericht_1.png","keywords":["Genderanalyse"],"inLanguage":"de","potentialAction":[{"@type":"CommentAction","name":"Comment","target":["https:\/\/landeszentrum-mv.de\/glbk\/2024\/07\/16\/leitfragen-zur-entwicklung-von-gleichstellungszielen-und-massnahmen-im-esf-plus-in-mv\/#respond"]}]},{"@type":"WebPage","@id":"https:\/\/landeszentrum-mv.de\/glbk\/2024\/07\/16\/leitfragen-zur-entwicklung-von-gleichstellungszielen-und-massnahmen-im-esf-plus-in-mv\/","url":"https:\/\/landeszentrum-mv.de\/glbk\/2024\/07\/16\/leitfragen-zur-entwicklung-von-gleichstellungszielen-und-massnahmen-im-esf-plus-in-mv\/","name":"Leitfragen zur Entwicklung von Gleichstellungszielen und -ma\u00dfnahmen im ESF Plus in MV - glbk","isPartOf":{"@id":"https:\/\/landeszentrum-mv.de\/glbk\/#website"},"primaryImageOfPage":{"@id":"https:\/\/landeszentrum-mv.de\/glbk\/2024\/07\/16\/leitfragen-zur-entwicklung-von-gleichstellungszielen-und-massnahmen-im-esf-plus-in-mv\/#primaryimage"},"image":{"@id":"https:\/\/landeszentrum-mv.de\/glbk\/2024\/07\/16\/leitfragen-zur-entwicklung-von-gleichstellungszielen-und-massnahmen-im-esf-plus-in-mv\/#primaryimage"},"thumbnailUrl":"https:\/\/landeszentrum-mv.de\/glbk\/wp-content\/uploads\/sites\/2\/2023\/02\/Bericht_1.png","datePublished":"2024-07-16T05:55:09+00:00","dateModified":"2024-11-28T15:49:30+00:00","description":"F\u00f6rderinstrumente werden so konzipiert, dass sie einen bestimmten F\u00f6rderzweck erf\u00fcllen. Dabei gibt die Europ\u00e4ische Union und das Land Mecklenburg-Vorpommern f\u00fcr den ESF Plus vor, dass die F\u00f6rderung stets auch auf die Gleichstellung der Geschlechter ausgerichtet sein soll. Um Geschlechterungleichheiten im Rahmen der F\u00f6rderung zu verringern, sollten f\u00fcr die F\u00f6rderinstrumente ein oder mehrere Gleichstellungsziele formuliert sowie Ma\u00dfnahmen festgelegt werden, wie diese Ziele zu erreichen sind.","breadcrumb":{"@id":"https:\/\/landeszentrum-mv.de\/glbk\/2024\/07\/16\/leitfragen-zur-entwicklung-von-gleichstellungszielen-und-massnahmen-im-esf-plus-in-mv\/#breadcrumb"},"inLanguage":"de","potentialAction":[{"@type":"ReadAction","target":["https:\/\/landeszentrum-mv.de\/glbk\/2024\/07\/16\/leitfragen-zur-entwicklung-von-gleichstellungszielen-und-massnahmen-im-esf-plus-in-mv\/"]}]},{"@type":"ImageObject","inLanguage":"de","@id":"https:\/\/landeszentrum-mv.de\/glbk\/2024\/07\/16\/leitfragen-zur-entwicklung-von-gleichstellungszielen-und-massnahmen-im-esf-plus-in-mv\/#primaryimage","url":"https:\/\/landeszentrum-mv.de\/glbk\/wp-content\/uploads\/sites\/2\/2023\/02\/Bericht_1.png","contentUrl":"https:\/\/landeszentrum-mv.de\/glbk\/wp-content\/uploads\/sites\/2\/2023\/02\/Bericht_1.png","width":1920,"height":400},{"@type":"BreadcrumbList","@id":"https:\/\/landeszentrum-mv.de\/glbk\/2024\/07\/16\/leitfragen-zur-entwicklung-von-gleichstellungszielen-und-massnahmen-im-esf-plus-in-mv\/#breadcrumb","itemListElement":[{"@type":"ListItem","position":1,"name":"Startseite","item":"https:\/\/landeszentrum-mv.de\/glbk\/"},{"@type":"ListItem","position":2,"name":"Leitfragen zur Entwicklung von Gleichstellungszielen und -ma\u00dfnahmen im ESF Plus in MV"}]},{"@type":"WebSite","@id":"https:\/\/landeszentrum-mv.de\/glbk\/#website","url":"https:\/\/landeszentrum-mv.de\/glbk\/","name":"glbk","description":"Gleichstellungsbaukasten","publisher":{"@id":"https:\/\/landeszentrum-mv.de\/glbk\/#organization"},"potentialAction":[{"@type":"SearchAction","target":{"@type":"EntryPoint","urlTemplate":"https:\/\/landeszentrum-mv.de\/glbk\/?s={search_term_string}"},"query-input":{"@type":"PropertyValueSpecification","valueRequired":true,"valueName":"search_term_string"}}],"inLanguage":"de"},{"@type":"Organization","@id":"https:\/\/landeszentrum-mv.de\/glbk\/#organization","name":"glbk","url":"https:\/\/landeszentrum-mv.de\/glbk\/","logo":{"@type":"ImageObject","inLanguage":"de","@id":"https:\/\/landeszentrum-mv.de\/glbk\/#\/schema\/logo\/image\/","url":"https:\/\/landeszentrum-mv.de\/glbk\/wp-content\/uploads\/sites\/2\/2024\/10\/GLBK_Logo.webp","contentUrl":"https:\/\/landeszentrum-mv.de\/glbk\/wp-content\/uploads\/sites\/2\/2024\/10\/GLBK_Logo.webp","width":500,"height":246,"caption":"glbk"},"image":{"@id":"https:\/\/landeszentrum-mv.de\/glbk\/#\/schema\/logo\/image\/"}},{"@type":"Person","@id":"https:\/\/landeszentrum-mv.de\/glbk\/#\/schema\/person\/e28472a9229ab093188f1e230a21b98e","name":"H S","url":"https:\/\/landeszentrum-mv.de\/glbk\/author\/frau_s\/"}]}},"_links":{"self":[{"href":"https:\/\/landeszentrum-mv.de\/glbk\/wp-json\/wp\/v2\/posts\/1705","targetHints":{"allow":["GET"]}}],"collection":[{"href":"https:\/\/landeszentrum-mv.de\/glbk\/wp-json\/wp\/v2\/posts"}],"about":[{"href":"https:\/\/landeszentrum-mv.de\/glbk\/wp-json\/wp\/v2\/types\/post"}],"author":[{"embeddable":true,"href":"https:\/\/landeszentrum-mv.de\/glbk\/wp-json\/wp\/v2\/users\/2"}],"replies":[{"embeddable":true,"href":"https:\/\/landeszentrum-mv.de\/glbk\/wp-json\/wp\/v2\/comments?post=1705"}],"version-history":[{"count":3,"href":"https:\/\/landeszentrum-mv.de\/glbk\/wp-json\/wp\/v2\/posts\/1705\/revisions"}],"predecessor-version":[{"id":3068,"href":"https:\/\/landeszentrum-mv.de\/glbk\/wp-json\/wp\/v2\/posts\/1705\/revisions\/3068"}],"wp:featuredmedia":[{"embeddable":true,"href":"https:\/\/landeszentrum-mv.de\/glbk\/wp-json\/wp\/v2\/media\/1130"}],"wp:attachment":[{"href":"https:\/\/landeszentrum-mv.de\/glbk\/wp-json\/wp\/v2\/media?parent=1705"}],"wp:term":[{"taxonomy":"category","embeddable":true,"href":"https:\/\/landeszentrum-mv.de\/glbk\/wp-json\/wp\/v2\/categories?post=1705"},{"taxonomy":"post_tag","embeddable":true,"href":"https:\/\/landeszentrum-mv.de\/glbk\/wp-json\/wp\/v2\/tags?post=1705"}],"curies":[{"name":"wp","href":"https:\/\/api.w.org\/{rel}","templated":true}]}}